{"id":699,"date":"2026-03-14T17:47:32","date_gmt":"2026-03-14T16:47:32","guid":{"rendered":"https:\/\/fuente.archimadrid.es\/?p=699"},"modified":"2026-03-14T17:47:32","modified_gmt":"2026-03-14T16:47:32","slug":"acogida-de-peregrinos-por-la-visita-del-papa-a-madrid","status":"publish","type":"post","link":"https:\/\/fuente.archimadrid.es\/index.php\/2026\/03\/14\/acogida-de-peregrinos-por-la-visita-del-papa-a-madrid\/","title":{"rendered":"ACOGIDA DE PEREGRINOS POR LA VISITA DEL PAPA A MADRID"},"content":{"rendered":"<p><img data-recalc-dims=\"1\" loading=\"lazy\" decoding=\"async\" class=\"aligncenter size-full wp-image-700\" src=\"https:\/\/i0.wp.com\/fuente.archimadrid.es\/wp-content\/uploads\/2026\/03\/papa-leon-xiv-cronica-audiencia-04102025-1764257663.webp?resize=672%2C448&#038;ssl=1\" alt=\"\" width=\"672\" height=\"448\" srcset=\"https:\/\/i0.wp.com\/fuente.archimadrid.es\/wp-content\/uploads\/2026\/03\/papa-leon-xiv-cronica-audiencia-04102025-1764257663.webp?w=672&amp;ssl=1 672w, https:\/\/i0.wp.com\/fuente.archimadrid.es\/wp-content\/uploads\/2026\/03\/papa-leon-xiv-cronica-audiencia-04102025-1764257663.webp?resize=300%2C200&amp;ssl=1 300w\" sizes=\"auto, (max-width: 672px) 100vw, 672px\" \/><\/p>\n<p><span style=\"color: #008000;\">Con motivo de la pr\u00f3xima\u00a0<strong>visita pastoral del Papa Le\u00f3n XIV a Madrid<\/strong>, el Arzobispado ha hecho llegar una\u00a0<strong>carta a p\u00e1rrocos y responsables de la acogida y el alojamiento<\/strong>\u00a0para agradecerles, en primer lugar, su\u00a0<strong>\u00abdisponibilidad para abrir las puertas de las parroquias, de las comunidades y de vuestros propios corazones\u00bb<\/strong>\u00a0a todos los peregrinos que acudan a la di\u00f3cesis esos d\u00edas.<\/span><\/p>\n<p><span style=\"color: #008000;\"><strong>\u00abEs un testimonio vivo del Evangelio\u00bb<\/strong>, se afirma, ante los\u00a0<strong>muchos que \u00abvendr\u00e1n con ilusi\u00f3n, otros con cansancio, algunos con preguntas\u2026\u00bb<\/strong>. En p\u00e1rrocos y responsables \u00abencontrar\u00e1n un rostro fraterno que los reciba\u00bb, respondiendo a esa llamada evang\u00e9lica: \u00abNo olvid\u00e9is la hospitalidad: por ella algunos, sin saberlo, hospedaron a \u00e1ngeles\u00bb. Porque en esta labor \u00abno solo recibimos a peregrinos, sino tambi\u00e9n\u00a0<strong>la gracia que Dios deposita en cada uno de ellos<\/strong>\u00bb.<\/span><\/p>\n<p><strong>Si hiciera falta alojar a peregrinos \u00bfAbrir\u00edas las puertas de tu casa? Si es as\u00ed y vives en e t\u00e9rmino de la parroquia inscribete en este formulario:\u00a0<\/strong><\/p>\n<p>&nbsp;<\/p>\n<p><iframe loading=\"lazy\" src=\"https:\/\/docs.google.com\/forms\/d\/e\/1FAIpQLSfBV2vh0H9BjjkhjmSo2LxmWNo5rPkOE_r1bVqwLc7XvB435Q\/viewform?embedded=true\" width=\"640\" height=\"1095\" frameborder=\"0\" marginwidth=\"0\" marginheight=\"0\">Cargando\u2026<\/iframe><\/p>\n","protected":false},"excerpt":{"rendered":"<p>Con motivo de la pr\u00f3xima\u00a0visita pastoral del Papa Le\u00f3n XIV a Madrid, el Arzobispado ha hecho llegar una\u00a0carta a p\u00e1rrocos y responsables de la acogida y el alojamiento\u00a0para agradecerles, en primer lugar, su\u00a0\u00abdisponibilidad para &#8230; <\/p>\n<p class=\"read-more-container\"><a title=\"ACOGIDA DE PEREGRINOS POR LA VISITA DEL PAPA A MADRID\" class=\"read-more button\" href=\"https:\/\/fuente.archimadrid.es\/index.php\/2026\/03\/14\/acogida-de-peregrinos-por-la-visita-del-papa-a-madrid\/#more-699\" aria-label=\"Leer m\u00e1s sobre ACOGIDA DE PEREGRINOS POR LA VISITA DEL PAPA A MADRID\">Leer m\u00e1s<\/a><\/p>\n","protected":false},"author":1,"featured_media":701,"comment_status":"open","ping_status":"closed","sticky":false,"template":"","format":"standard","meta":{"_jetpack_memberships_contains_paid_content":false,"footnotes":""},"categories":[4,3],"tags":[],"class_list":["post-699","post","type-post","status-publish","format-standard","has-post-thumbnail","hentry","category-noticias","category-parroquia","generate-columns","tablet-grid-50","mobile-grid-100","grid-parent","grid-50"],"jetpack_featured_media_url":"https:\/\/i0.wp.com\/fuente.archimadrid.es\/wp-content\/uploads\/2026\/03\/El_Papa_Leon_XIV_viene_a_Madrid.gif?fit=648%2C648&ssl=1","jetpack-related-posts":[{"id":213,"url":"https:\/\/fuente.archimadrid.es\/index.php\/2021\/02\/12\/ya-puedes-apuntarte-a-alpha-online\/","url_meta":{"origin":699,"position":0},"title":"YA PUEDES APUNTARTE A ALPHA","author":"admin","date":"12 de febrero de 2021","format":false,"excerpt":"\u00a0 Si tienes dudas en vivir tu fe, si hace tiempo que abandonaste la pr\u00e1ctica religiosa, si tienes preguntas que nunca te has atrevido a hacer o no sab\u00edas d\u00f3nde acudir sobre tu relaci\u00f3n con Dios y el Esp\u00edritu Santo que vive en ti, si quieres dar respuestas a esas\u2026","rel":"","context":"En \u00abAlpha\u00bb","block_context":{"text":"Alpha","link":"https:\/\/fuente.archimadrid.es\/index.php\/category\/alpha\/"},"img":{"alt_text":"","src":"https:\/\/i0.wp.com\/fuente.archimadrid.es\/wp-content\/uploads\/2020\/12\/ju.jpg?fit=640%2C428&ssl=1&resize=350%2C200","width":350,"height":200,"srcset":"https:\/\/i0.wp.com\/fuente.archimadrid.es\/wp-content\/uploads\/2020\/12\/ju.jpg?fit=640%2C428&ssl=1&resize=350%2C200 1x, https:\/\/i0.wp.com\/fuente.archimadrid.es\/wp-content\/uploads\/2020\/12\/ju.jpg?fit=640%2C428&ssl=1&resize=525%2C300 1.5x"},"classes":[]},{"id":649,"url":"https:\/\/fuente.archimadrid.es\/index.php\/2025\/02\/22\/visita-pastoral-a-la-parroquia\/","url_meta":{"origin":699,"position":1},"title":"VISITA PASTORAL A LA PARROQUIA","author":"admin","date":"22 de febrero de 2025","format":false,"excerpt":"VISITA PASTORAL A LA PARROQUIA DE FUENTE DEL FRESNO del 12 al 16 de marzo En nombre de nuestro Cardenal D. Jos\u00e9 Cobo, estar\u00e1 con nosotros Mons. D. Vicente Mart\u00edn, Obispo Auxiliar PROGRAMA DE LA VISITA Mi\u00e9rcoles 12 17:15 Primera confesi\u00f3n de ni\u00f1os de 1\u00aa Comuni\u00f3n 18:15 Encuentro con padres\u2026","rel":"","context":"En \u00abNoticias\u00bb","block_context":{"text":"Noticias","link":"https:\/\/fuente.archimadrid.es\/index.php\/category\/noticias\/"},"img":{"alt_text":"","src":"https:\/\/i0.wp.com\/fuente.archimadrid.es\/wp-content\/uploads\/2025\/02\/Vicente-y-companero.jpg?fit=391%2C389&ssl=1&resize=350%2C200","width":350,"height":200},"classes":[]},{"id":60,"url":"https:\/\/fuente.archimadrid.es\/index.php\/2020\/12\/08\/quienes-somos\/","url_meta":{"origin":699,"position":2},"title":"QUIENES SOMOS&#8230;","author":"admin","date":"8 de diciembre de 2020","format":false,"excerpt":"...no es f\u00e1cil de decir. en el fondo un mont\u00f3n de personas, mayores, j\u00f3venes y ni\u00f1os, que queremos amar m\u00e1s a Jesucristo y sentirnos parte viva de la Iglesia en nuestr aparroquia de Fuente del Fresno. Aqu\u00ed todos somos importantes e imprescindibles, tengamos o no una responsabilidad concreta nos sentimos\u2026","rel":"","context":"En \u00abQuienes somos\u00bb","block_context":{"text":"Quienes somos","link":"https:\/\/fuente.archimadrid.es\/index.php\/category\/quienes-somos\/"},"img":{"alt_text":"","src":"","width":0,"height":0},"classes":[]},{"id":674,"url":"https:\/\/fuente.archimadrid.es\/index.php\/2025\/08\/31\/paricipa-en-la-vida-de-la-parroquia\/","url_meta":{"origin":699,"position":3},"title":"PARTICIPA EN LA VIDA DE LA PARROQUIA (ojo, para apuntar a catequsis de infancia la entrada anterior)","author":"admin","date":"31 de agosto de 2025","format":false,"excerpt":"Si quieres participar y ayudar en la vida de la parroquia rellena el siguiente cuestionario con la actividad que te interese. Si quieres participar en m\u00e1s de una cosa haz varios cuestionarios (es muyyy r\u00e1pido), Gracias por adelantado. La informaci\u00f3n sobre los grupos despu\u00e9s de la encuesta. \u00a0 Cargando\u2026 ACTIVIDADES\u2026","rel":"","context":"En \u00abNoticias\u00bb","block_context":{"text":"Noticias","link":"https:\/\/fuente.archimadrid.es\/index.php\/category\/noticias\/"},"img":{"alt_text":"","src":"https:\/\/i0.wp.com\/fuente.archimadrid.es\/wp-content\/uploads\/2025\/08\/Post-voluntariado-qzy3hiy8bf4iebvh39xofq2gjoygn32ew58mipn6mk.webp?fit=1140%2C750&ssl=1&resize=350%2C200","width":350,"height":200,"srcset":"https:\/\/i0.wp.com\/fuente.archimadrid.es\/wp-content\/uploads\/2025\/08\/Post-voluntariado-qzy3hiy8bf4iebvh39xofq2gjoygn32ew58mipn6mk.webp?fit=1140%2C750&ssl=1&resize=350%2C200 1x, https:\/\/i0.wp.com\/fuente.archimadrid.es\/wp-content\/uploads\/2025\/08\/Post-voluntariado-qzy3hiy8bf4iebvh39xofq2gjoygn32ew58mipn6mk.webp?fit=1140%2C750&ssl=1&resize=525%2C300 1.5x, https:\/\/i0.wp.com\/fuente.archimadrid.es\/wp-content\/uploads\/2025\/08\/Post-voluntariado-qzy3hiy8bf4iebvh39xofq2gjoygn32ew58mipn6mk.webp?fit=1140%2C750&ssl=1&resize=700%2C400 2x, https:\/\/i0.wp.com\/fuente.archimadrid.es\/wp-content\/uploads\/2025\/08\/Post-voluntariado-qzy3hiy8bf4iebvh39xofq2gjoygn32ew58mipn6mk.webp?fit=1140%2C750&ssl=1&resize=1050%2C600 3x"},"classes":[]},{"id":408,"url":"https:\/\/fuente.archimadrid.es\/index.php\/2022\/03\/24\/consagracion-del-papa-al-inmaculado-corazon-de-maria\/","url_meta":{"origin":699,"position":4},"title":"Consagraci\u00f3n del Papa al Inmaculado Coraz\u00f3n de Mar\u00eda","author":"admin","date":"24 de marzo de 2022","format":false,"excerpt":"Este viernes, 25 de marzo, fiesta de la Anunciaci\u00f3n del Se\u00f1or, expondremos el Sant\u00edsimo a las 18:00 h. seguiremos en el templo el Acto de Consagraci\u00f3n desde Roma a las 18:30 y rezaremos el Santo Rosario por la paz del mundo para terminar con la Santa Misa a las 20:30.\u2026","rel":"","context":"En \u00abNoticias\u00bb","block_context":{"text":"Noticias","link":"https:\/\/fuente.archimadrid.es\/index.php\/category\/noticias\/"},"img":{"alt_text":"","src":"https:\/\/i0.wp.com\/fuente.archimadrid.es\/wp-content\/uploads\/2022\/03\/VirgenDeFatima_Pixabay_300920.webp?fit=900%2C500&ssl=1&resize=350%2C200","width":350,"height":200,"srcset":"https:\/\/i0.wp.com\/fuente.archimadrid.es\/wp-content\/uploads\/2022\/03\/VirgenDeFatima_Pixabay_300920.webp?fit=900%2C500&ssl=1&resize=350%2C200 1x, https:\/\/i0.wp.com\/fuente.archimadrid.es\/wp-content\/uploads\/2022\/03\/VirgenDeFatima_Pixabay_300920.webp?fit=900%2C500&ssl=1&resize=525%2C300 1.5x, https:\/\/i0.wp.com\/fuente.archimadrid.es\/wp-content\/uploads\/2022\/03\/VirgenDeFatima_Pixabay_300920.webp?fit=900%2C500&ssl=1&resize=700%2C400 2x"},"classes":[]},{"id":258,"url":"https:\/\/fuente.archimadrid.es\/index.php\/2022\/10\/03\/pronto-otro-curso-alpha-en-la-parroquia-apuntate\/","url_meta":{"origin":699,"position":5},"title":"A comienzos de 2023 COMIENZA CURSO ALPHA EN LA PARROQUIA. AP\u00daNTATE&#8230;","author":"admin","date":"3 de octubre de 2022","format":false,"excerpt":"..., o invita a aquellos amigos, familiares, conocidos...., a los que creas que les vendr\u00eda bien volver a plantearse las preguntas b\u00e1sicas de la existencia, a volver a retomar la vida de fe y la relaci\u00f3n con Jesucristo en un ambiente de amistad y preocupaci\u00f3n de los unos por los\u2026","rel":"","context":"En \u00abAlpha\u00bb","block_context":{"text":"Alpha","link":"https:\/\/fuente.archimadrid.es\/index.php\/category\/alpha\/"},"img":{"alt_text":"","src":"https:\/\/i0.wp.com\/fuente.archimadrid.es\/wp-content\/uploads\/2021\/09\/IMG-20210907-WA0009.jpg?fit=848%2C1200&ssl=1&resize=350%2C200","width":350,"height":200,"srcset":"https:\/\/i0.wp.com\/fuente.archimadrid.es\/wp-content\/uploads\/2021\/09\/IMG-20210907-WA0009.jpg?fit=848%2C1200&ssl=1&resize=350%2C200 1x, https:\/\/i0.wp.com\/fuente.archimadrid.es\/wp-content\/uploads\/2021\/09\/IMG-20210907-WA0009.jpg?fit=848%2C1200&ssl=1&resize=525%2C300 1.5x, https:\/\/i0.wp.com\/fuente.archimadrid.es\/wp-content\/uploads\/2021\/09\/IMG-20210907-WA0009.jpg?fit=848%2C1200&ssl=1&resize=700%2C400 2x"},"classes":[]}],"jetpack_sharing_enabled":true,"_links":{"self":[{"href":"https:\/\/fuente.archimadrid.es\/index.php\/wp-json\/wp\/v2\/posts\/699","targetHints":{"allow":["GET"]}}],"collection":[{"href":"https:\/\/fuente.archimadrid.es\/index.php\/wp-json\/wp\/v2\/posts"}],"about":[{"href":"https:\/\/fuente.archimadrid.es\/index.php\/wp-json\/wp\/v2\/types\/post"}],"author":[{"embeddable":true,"href":"https:\/\/fuente.archimadrid.es\/index.php\/wp-json\/wp\/v2\/users\/1"}],"replies":[{"embeddable":true,"href":"https:\/\/fuente.archimadrid.es\/index.php\/wp-json\/wp\/v2\/comments?post=699"}],"version-history":[{"count":1,"href":"https:\/\/fuente.archimadrid.es\/index.php\/wp-json\/wp\/v2\/posts\/699\/revisions"}],"predecessor-version":[{"id":702,"href":"https:\/\/fuente.archimadrid.es\/index.php\/wp-json\/wp\/v2\/posts\/699\/revisions\/702"}],"wp:featuredmedia":[{"embeddable":true,"href":"https:\/\/fuente.archimadrid.es\/index.php\/wp-json\/wp\/v2\/media\/701"}],"wp:attachment":[{"href":"https:\/\/fuente.archimadrid.es\/index.php\/wp-json\/wp\/v2\/media?parent=699"}],"wp:term":[{"taxonomy":"category","embeddable":true,"href":"https:\/\/fuente.archimadrid.es\/index.php\/wp-json\/wp\/v2\/categories?post=699"},{"taxonomy":"post_tag","embeddable":true,"href":"https:\/\/fuente.archimadrid.es\/index.php\/wp-json\/wp\/v2\/tags?post=699"}],"curies":[{"name":"wp","href":"https:\/\/api.w.org\/{rel}","templated":true}]}}