{"id":689,"date":"2025-10-11T09:45:08","date_gmt":"2025-10-11T07:45:08","guid":{"rendered":"https:\/\/fuente.archimadrid.es\/?p=689"},"modified":"2025-10-11T09:45:28","modified_gmt":"2025-10-11T07:45:28","slug":"ayudanos-a-renovar-la-climatizacion","status":"publish","type":"post","link":"https:\/\/fuente.archimadrid.es\/index.php\/2025\/10\/11\/ayudanos-a-renovar-la-climatizacion\/","title":{"rendered":"AY\u00daDANOS A RENOVAR LA CLIMATIZACI\u00d3N"},"content":{"rendered":"<p>N\u00ba de Cuenta: ES48 0081 0352 1400 0189 5091 Titular: Parroquia Ntra Sra de Fuente del Fresno<br \/>\nBizum especial Obras: 12760<br \/>\n<a href=\"https:\/\/fuente.archimadrid.es\/index.php\/2025\/10\/11\/declaracion-de-donacion-a-la-parroquia\/\">Descargar Declaraci\u00f3n de donaci\u00f3n para mandar a la parroquia<\/a><\/p>\n<p>Buenas tardes\/ d\u00edas<\/p>\n<p>Como muchos habr\u00e9is notado, y especialmente en estos meses de calor y ahora lo notaremos en los meses de frio, el sistema de climatizaci\u00f3n no funciona correctamente debido a la antig\u00fcedad de los aparatos que la componen, que tiene m\u00e1s de veinte a\u00f1os. Consume una gran cantidad de energ\u00eda y no funciona con la eficiencia que necesitamos para mantener un ambiente confortable para todos durante nuestras celebraciones y adem\u00e1s reducir\u00eda los costos de energ\u00eda a largo plazo.<\/p>\n<p>Por esta raz\u00f3n, creemos que ha llegado el momento de sustituirlo por uno m\u00e1s eficiente y moderno, ahora bien, dado el elevado coste del nuevo equipo, ya sab\u00e9is que nuestra parroquia se financia a s\u00ed misma y por lo tanto no dispone de reservas suficientes para acometer el gasto, hemos decidido emprender una colecta especial para recaudar los fondos necesarios y as\u00ed poder reemplazarlo.<\/p>\n<p>Por tanto, les pedimos que, en la medida de sus posibilidades, contribuyan a hacer posible este proyecto. Toda contribuci\u00f3n por peque\u00f1a que sea, sabemos que son tiempos dif\u00edciles para muchos, ser\u00e1 bienvenida.<\/p>\n<p>Para ello, se ha habilitado una cuenta especial por Bizum (12760) y cestas especiales para esta colecta a la salida de las misas dominicales, o si lo prefieren, pueden hacer su donaci\u00f3n en la oficina parroquial o a trav\u00e9s de transferencia.<\/p>\n<p>Toda aportaci\u00f3n est\u00e1 beneficiada por una desgravaci\u00f3n fiscal muy importante pero es necesario a la hora de hacerla dar los datos fiscales del donante para que quede reflejado y poder emitir el certificado pertinente por lo que vamos a habilitar un formulario en la web de la parroquia para solicitarla.<\/p>\n<p>Si tienen alguna pregunta o desean m\u00e1s informaci\u00f3n, no duden en acercarse a Irene o a los miembros del consejo econ\u00f3mico o a D.Ignacio.<\/p>\n<p>Por supuesto, a quien desee, se le informara detalladamente de los presupuestos recibidos y cu\u00e1l ha sido seleccionado y adem\u00e1s peri\u00f3dicamente pondremos a la entrada en el templo detalle del progreso de la colecta y el monto recaudado.<\/p>\n<p>Agradecemos de antemano su generosidad y su apoyo.<br \/>\nLa junta econ\u00f3mica de la parroquia<\/p>\n","protected":false},"excerpt":{"rendered":"<p>N\u00ba de Cuenta: ES48 0081 0352 1400 0189 5091 Titular: Parroquia Ntra Sra de Fuente del Fresno Bizum especial Obras: 12760 Descargar Declaraci\u00f3n de donaci\u00f3n para mandar a la parroquia Buenas tardes\/ d\u00edas Como &#8230; <\/p>\n<p class=\"read-more-container\"><a title=\"AY\u00daDANOS A RENOVAR LA CLIMATIZACI\u00d3N\" class=\"read-more button\" href=\"https:\/\/fuente.archimadrid.es\/index.php\/2025\/10\/11\/ayudanos-a-renovar-la-climatizacion\/#more-689\" aria-label=\"Leer m\u00e1s sobre AY\u00daDANOS A RENOVAR LA CLIMATIZACI\u00d3N\">Leer m\u00e1s<\/a><\/p>\n","protected":false},"author":1,"featured_media":691,"comment_status":"open","ping_status":"closed","sticky":false,"template":"","format":"standard","meta":{"_jetpack_memberships_contains_paid_content":false,"footnotes":""},"categories":[4,3,1],"tags":[],"class_list":["post-689","post","type-post","status-publish","format-standard","has-post-thumbnail","hentry","category-noticias","category-parroquia","category-uncategorized","generate-columns","tablet-grid-50","mobile-grid-100","grid-parent","grid-50"],"jetpack_featured_media_url":"https:\/\/i0.wp.com\/fuente.archimadrid.es\/wp-content\/uploads\/2025\/10\/calefaccion-convencional.webp?fit=2048%2C2048&ssl=1","jetpack-related-posts":[{"id":674,"url":"https:\/\/fuente.archimadrid.es\/index.php\/2025\/08\/31\/paricipa-en-la-vida-de-la-parroquia\/","url_meta":{"origin":689,"position":0},"title":"PARTICIPA EN LA VIDA DE LA PARROQUIA (ojo, para apuntar a catequsis de infancia la entrada anterior)","author":"admin","date":"31 de agosto de 2025","format":false,"excerpt":"Si quieres participar y ayudar en la vida de la parroquia rellena el siguiente cuestionario con la actividad que te interese. Si quieres participar en m\u00e1s de una cosa haz varios cuestionarios (es muyyy r\u00e1pido), Gracias por adelantado. La informaci\u00f3n sobre los grupos despu\u00e9s de la encuesta. \u00a0 Cargando\u2026 ACTIVIDADES\u2026","rel":"","context":"En \u00abNoticias\u00bb","block_context":{"text":"Noticias","link":"https:\/\/fuente.archimadrid.es\/index.php\/category\/noticias\/"},"img":{"alt_text":"","src":"https:\/\/i0.wp.com\/fuente.archimadrid.es\/wp-content\/uploads\/2025\/08\/Post-voluntariado-qzy3hiy8bf4iebvh39xofq2gjoygn32ew58mipn6mk.webp?fit=1140%2C750&ssl=1&resize=350%2C200","width":350,"height":200,"srcset":"https:\/\/i0.wp.com\/fuente.archimadrid.es\/wp-content\/uploads\/2025\/08\/Post-voluntariado-qzy3hiy8bf4iebvh39xofq2gjoygn32ew58mipn6mk.webp?fit=1140%2C750&ssl=1&resize=350%2C200 1x, https:\/\/i0.wp.com\/fuente.archimadrid.es\/wp-content\/uploads\/2025\/08\/Post-voluntariado-qzy3hiy8bf4iebvh39xofq2gjoygn32ew58mipn6mk.webp?fit=1140%2C750&ssl=1&resize=525%2C300 1.5x, https:\/\/i0.wp.com\/fuente.archimadrid.es\/wp-content\/uploads\/2025\/08\/Post-voluntariado-qzy3hiy8bf4iebvh39xofq2gjoygn32ew58mipn6mk.webp?fit=1140%2C750&ssl=1&resize=700%2C400 2x, https:\/\/i0.wp.com\/fuente.archimadrid.es\/wp-content\/uploads\/2025\/08\/Post-voluntariado-qzy3hiy8bf4iebvh39xofq2gjoygn32ew58mipn6mk.webp?fit=1140%2C750&ssl=1&resize=1050%2C600 3x"},"classes":[]},{"id":649,"url":"https:\/\/fuente.archimadrid.es\/index.php\/2025\/02\/22\/visita-pastoral-a-la-parroquia\/","url_meta":{"origin":689,"position":1},"title":"VISITA PASTORAL A LA PARROQUIA","author":"admin","date":"22 de febrero de 2025","format":false,"excerpt":"VISITA PASTORAL A LA PARROQUIA DE FUENTE DEL FRESNO del 12 al 16 de marzo En nombre de nuestro Cardenal D. Jos\u00e9 Cobo, estar\u00e1 con nosotros Mons. D. Vicente Mart\u00edn, Obispo Auxiliar PROGRAMA DE LA VISITA Mi\u00e9rcoles 12 17:15 Primera confesi\u00f3n de ni\u00f1os de 1\u00aa Comuni\u00f3n 18:15 Encuentro con padres\u2026","rel":"","context":"En \u00abNoticias\u00bb","block_context":{"text":"Noticias","link":"https:\/\/fuente.archimadrid.es\/index.php\/category\/noticias\/"},"img":{"alt_text":"","src":"https:\/\/i0.wp.com\/fuente.archimadrid.es\/wp-content\/uploads\/2025\/02\/Vicente-y-companero.jpg?fit=391%2C389&ssl=1&resize=350%2C200","width":350,"height":200},"classes":[]},{"id":462,"url":"https:\/\/fuente.archimadrid.es\/index.php\/2023\/02\/27\/peregrinacion-a-tierra-santa-octubre-noviembre-2023\/","url_meta":{"origin":689,"position":2},"title":"PEREGRINACI\u00d3N A TIERRA SANTA. Octubre-Noviembre 2023","author":"admin","date":"27 de febrero de 2023","format":false,"excerpt":"Tenemos la suerte de poder organizar una peregrinacion a Tierra Santa y conocer mejor los lugares de la Historia de Salvaci\u00f3n y sus protagonistas, especialmente los lugares que el Hijo de Dios naci\u00f3, vivi\u00f3, predic\u00f3, se entreg\u00f3 por nuestra salvaci\u00f3n y resucit\u00f3.\u00a0 Ojal\u00e1 nos animemos los suficientes para poder hacer\u2026","rel":"","context":"En \u00abNoticias\u00bb","block_context":{"text":"Noticias","link":"https:\/\/fuente.archimadrid.es\/index.php\/category\/noticias\/"},"img":{"alt_text":"","src":"https:\/\/i0.wp.com\/fuente.archimadrid.es\/wp-content\/uploads\/2023\/02\/tierrasanta2023-scaled.jpg?fit=838%2C1200&ssl=1&resize=350%2C200","width":350,"height":200,"srcset":"https:\/\/i0.wp.com\/fuente.archimadrid.es\/wp-content\/uploads\/2023\/02\/tierrasanta2023-scaled.jpg?fit=838%2C1200&ssl=1&resize=350%2C200 1x, https:\/\/i0.wp.com\/fuente.archimadrid.es\/wp-content\/uploads\/2023\/02\/tierrasanta2023-scaled.jpg?fit=838%2C1200&ssl=1&resize=525%2C300 1.5x, https:\/\/i0.wp.com\/fuente.archimadrid.es\/wp-content\/uploads\/2023\/02\/tierrasanta2023-scaled.jpg?fit=838%2C1200&ssl=1&resize=700%2C400 2x"},"classes":[]},{"id":693,"url":"https:\/\/fuente.archimadrid.es\/index.php\/2025\/10\/11\/declaracion-de-donacion-a-la-parroquia\/","url_meta":{"origin":689,"position":3},"title":"DECLARACI\u00d3N DE DONACI\u00d3N A LA PARROQUIA","author":"admin","date":"11 de octubre de 2025","format":false,"excerpt":"DECLARACIO\u0301N DE DONACIO\u0301N","rel":"","context":"Entrada similar","block_context":{"text":"Entrada similar","link":""},"img":{"alt_text":"","src":"","width":0,"height":0},"classes":[]},{"id":658,"url":"https:\/\/fuente.archimadrid.es\/index.php\/2025\/03\/06\/cosas-del-campamento\/","url_meta":{"origin":689,"position":4},"title":"COSAS DEL CAMPAMENTO","author":"admin","date":"6 de marzo de 2025","format":false,"excerpt":"Correo para cosas del campamento: sanmames.campamento@gmail.com\u00a0 Desde el correo de la parroquia no responderemos, que lo satur\u00e1is. Cuenta del Campamento: Parroquia Ntra Sra de Fuente del Fresno ES62 0081 0352 1000 0180 9481 \u00a0","rel":"","context":"En \u00abNoticias\u00bb","block_context":{"text":"Noticias","link":"https:\/\/fuente.archimadrid.es\/index.php\/category\/noticias\/"},"img":{"alt_text":"","src":"https:\/\/i0.wp.com\/fuente.archimadrid.es\/wp-content\/uploads\/2023\/10\/SAN-MAMESw.jpg?fit=700%2C480&ssl=1&resize=350%2C200","width":350,"height":200,"srcset":"https:\/\/i0.wp.com\/fuente.archimadrid.es\/wp-content\/uploads\/2023\/10\/SAN-MAMESw.jpg?fit=700%2C480&ssl=1&resize=350%2C200 1x, https:\/\/i0.wp.com\/fuente.archimadrid.es\/wp-content\/uploads\/2023\/10\/SAN-MAMESw.jpg?fit=700%2C480&ssl=1&resize=525%2C300 1.5x, https:\/\/i0.wp.com\/fuente.archimadrid.es\/wp-content\/uploads\/2023\/10\/SAN-MAMESw.jpg?fit=700%2C480&ssl=1&resize=700%2C400 2x"},"classes":[]},{"id":652,"url":"https:\/\/fuente.archimadrid.es\/index.php\/2025\/02\/24\/campamento-san-mames-2025-solicitud\/","url_meta":{"origin":689,"position":5},"title":"CAMPAMENTO SAN MAM\u00c9S 2025 SOLICITUD","author":"admin","date":"24 de febrero de 2025","format":false,"excerpt":"Este a\u00f1o el Campamento de la Parroquia en San Mam\u00e9s (Madrid). Fechas: del 29 de junio al 6 de julio de 2025 Edades: Los que cumplen 7 a\u00f1os en 2025 (1\u00ba de primaria), a 14 a\u00f1os. y el precio de 380\u20ac. Cambiamos la forma de la pre-inscripci\u00f3n.\u00a0 Ten\u00e9is hasta el\u2026","rel":"","context":"En \u00abConfirmaci\u00f3n\u00bb","block_context":{"text":"Confirmaci\u00f3n","link":"https:\/\/fuente.archimadrid.es\/index.php\/category\/confirmacion\/"},"img":{"alt_text":"","src":"https:\/\/i0.wp.com\/fuente.archimadrid.es\/wp-content\/uploads\/2025\/02\/IMG_4167-scaled.jpeg?fit=1200%2C900&ssl=1&resize=350%2C200","width":350,"height":200,"srcset":"https:\/\/i0.wp.com\/fuente.archimadrid.es\/wp-content\/uploads\/2025\/02\/IMG_4167-scaled.jpeg?fit=1200%2C900&ssl=1&resize=350%2C200 1x, https:\/\/i0.wp.com\/fuente.archimadrid.es\/wp-content\/uploads\/2025\/02\/IMG_4167-scaled.jpeg?fit=1200%2C900&ssl=1&resize=525%2C300 1.5x, https:\/\/i0.wp.com\/fuente.archimadrid.es\/wp-content\/uploads\/2025\/02\/IMG_4167-scaled.jpeg?fit=1200%2C900&ssl=1&resize=700%2C400 2x, https:\/\/i0.wp.com\/fuente.archimadrid.es\/wp-content\/uploads\/2025\/02\/IMG_4167-scaled.jpeg?fit=1200%2C900&ssl=1&resize=1050%2C600 3x"},"classes":[]}],"jetpack_sharing_enabled":true,"_links":{"self":[{"href":"https:\/\/fuente.archimadrid.es\/index.php\/wp-json\/wp\/v2\/posts\/689","targetHints":{"allow":["GET"]}}],"collection":[{"href":"https:\/\/fuente.archimadrid.es\/index.php\/wp-json\/wp\/v2\/posts"}],"about":[{"href":"https:\/\/fuente.archimadrid.es\/index.php\/wp-json\/wp\/v2\/types\/post"}],"author":[{"embeddable":true,"href":"https:\/\/fuente.archimadrid.es\/index.php\/wp-json\/wp\/v2\/users\/1"}],"replies":[{"embeddable":true,"href":"https:\/\/fuente.archimadrid.es\/index.php\/wp-json\/wp\/v2\/comments?post=689"}],"version-history":[{"count":3,"href":"https:\/\/fuente.archimadrid.es\/index.php\/wp-json\/wp\/v2\/posts\/689\/revisions"}],"predecessor-version":[{"id":697,"href":"https:\/\/fuente.archimadrid.es\/index.php\/wp-json\/wp\/v2\/posts\/689\/revisions\/697"}],"wp:featuredmedia":[{"embeddable":true,"href":"https:\/\/fuente.archimadrid.es\/index.php\/wp-json\/wp\/v2\/media\/691"}],"wp:attachment":[{"href":"https:\/\/fuente.archimadrid.es\/index.php\/wp-json\/wp\/v2\/media?parent=689"}],"wp:term":[{"taxonomy":"category","embeddable":true,"href":"https:\/\/fuente.archimadrid.es\/index.php\/wp-json\/wp\/v2\/categories?post=689"},{"taxonomy":"post_tag","embeddable":true,"href":"https:\/\/fuente.archimadrid.es\/index.php\/wp-json\/wp\/v2\/tags?post=689"}],"curies":[{"name":"wp","href":"https:\/\/api.w.org\/{rel}","templated":true}]}}