{"id":684,"date":"2025-09-05T09:52:24","date_gmt":"2025-09-05T07:52:24","guid":{"rendered":"https:\/\/fuente.archimadrid.es\/?p=684"},"modified":"2025-09-05T09:52:24","modified_gmt":"2025-09-05T07:52:24","slug":"inscripcion-a-catequesis-de-infancia","status":"publish","type":"post","link":"https:\/\/fuente.archimadrid.es\/index.php\/2025\/09\/05\/inscripcion-a-catequesis-de-infancia\/","title":{"rendered":"INSCRIPCI\u00d3N A CATEQUESIS DE INFANCIA"},"content":{"rendered":"<p>Ya pod\u00e9is rellenar el formulario para apuntar a los ni\u00f1os y ni\u00f1as de 1\u00ba de primaria a catequesis en la parroquia. Comenzaremos la semana del lunes 6 de octubre.<\/p>\n<p>En la Di\u00f3cesis de Madrid se piden 3 a\u00f1os de catequesis, por lo que har\u00edan la primera Comuni\u00f3n en 3\u00ba de primaria.<\/p>\n<p>Os ofrecemos los distintos d\u00edas en que tenemos disponibilidad de sitio y de catequistas. Es s\u00f3lo una propuesta, pues podemos cambiar los d\u00edas dependiendo si se apuntan muchos ni\u00f1os (el n\u00famero de ni\u00f1os por grupo no debe ser mayos de 12), o porque se apunten muy pocos. <\/p>\n<p>Este formulario desaperecer\u00e1 el 19 de septiembre para poder organizar los grupos. Si alguno se apunta m\u00e1s tarde se le colocar\u00e1 en el grupo que se pueda.<\/p>\n<p>Para los ni\u00f1os que no son de 1\u00ba de primaria tendr\u00e1n que hablarlo personalmente en la parroquia.<\/p>\n<p><iframe loading=\"lazy\" src=\"https:\/\/docs.google.com\/forms\/d\/e\/1FAIpQLSd3CNEarUQsaDcKpG0jMVVlx9zkTIybz02WOOvMtzOV7yGIaQ\/viewform?embedded=true\" width=\"640\" height=\"1074\" frameborder=\"0\" marginheight=\"0\" marginwidth=\"0\">Cargando\u2026<\/iframe>&nbsp;<\/p>\n<p>&nbsp;<\/p>\n","protected":false},"excerpt":{"rendered":"<p>Ya pod\u00e9is rellenar el formulario para apuntar a los ni\u00f1os y ni\u00f1as de 1\u00ba de primaria a catequesis en la parroquia. Comenzaremos la semana del lunes 6 de octubre. En la Di\u00f3cesis de Madrid &#8230; <\/p>\n<p class=\"read-more-container\"><a title=\"INSCRIPCI\u00d3N A CATEQUESIS DE INFANCIA\" class=\"read-more button\" href=\"https:\/\/fuente.archimadrid.es\/index.php\/2025\/09\/05\/inscripcion-a-catequesis-de-infancia\/#more-684\" aria-label=\"Leer m\u00e1s sobre INSCRIPCI\u00d3N A CATEQUESIS DE INFANCIA\">Leer m\u00e1s<\/a><\/p>\n","protected":false},"author":1,"featured_media":560,"comment_status":"open","ping_status":"closed","sticky":false,"template":"","format":"standard","meta":{"_jetpack_memberships_contains_paid_content":false,"footnotes":""},"categories":[8,4,3],"tags":[],"class_list":["post-684","post","type-post","status-publish","format-standard","has-post-thumbnail","hentry","category-catequesis-oratorio","category-noticias","category-parroquia","generate-columns","tablet-grid-50","mobile-grid-100","grid-parent","grid-50"],"jetpack_featured_media_url":"https:\/\/i0.wp.com\/fuente.archimadrid.es\/wp-content\/uploads\/2023\/10\/campamento-verano-ninos.jpg?fit=1080%2C720&ssl=1","jetpack-related-posts":[{"id":525,"url":"https:\/\/fuente.archimadrid.es\/index.php\/2023\/09\/08\/pre-inscricion-a-catequesis-de-infancia\/","url_meta":{"origin":684,"position":0},"title":"PRE-INSCRICI\u00d3N A CATEQUESIS DE INFANCIA","author":"admin","date":"8 de septiembre de 2023","format":false,"excerpt":"Para los ni\u00f1os de 1\u00ba de primaria (o mayores que no hayan hecho ning\u00fan a\u00f1o de catequesis de primera Comuni\u00f3n), ya pod\u00e9is inscribir a vuestros hijos a catequesis. La \u00faltima semana de septiembre (desde el mi\u00e9rcoles 27), pondremos las listas en la parroquia con las horas y los d\u00edas, seg\u00fan\u2026","rel":"","context":"En \u00abCatequesis Oratorio\u00bb","block_context":{"text":"Catequesis Oratorio","link":"https:\/\/fuente.archimadrid.es\/index.php\/category\/catequesis-oratorio\/"},"img":{"alt_text":"","src":"https:\/\/i0.wp.com\/fuente.archimadrid.es\/wp-content\/uploads\/2023\/09\/Catequesis-infancia.jpg?fit=640%2C400&ssl=1&resize=350%2C200","width":350,"height":200,"srcset":"https:\/\/i0.wp.com\/fuente.archimadrid.es\/wp-content\/uploads\/2023\/09\/Catequesis-infancia.jpg?fit=640%2C400&ssl=1&resize=350%2C200 1x, https:\/\/i0.wp.com\/fuente.archimadrid.es\/wp-content\/uploads\/2023\/09\/Catequesis-infancia.jpg?fit=640%2C400&ssl=1&resize=525%2C300 1.5x"},"classes":[]},{"id":428,"url":"https:\/\/fuente.archimadrid.es\/index.php\/2022\/09\/03\/inscripcion-a-catequesis-de-infancia-2022-23\/","url_meta":{"origin":684,"position":1},"title":"Inscripci\u00f3n a catequesis de Infancia 2022\/23","author":"admin","date":"3 de septiembre de 2022","format":false,"excerpt":"Desde 1\u00ba de primaria ya pod\u00e9is apuntar a os ni\u00f1os nuevos a catequesis de Infancia para recibir la primera Comuni\u00f3n, rellenando el siguiente cuestionario: \u00a0 Cargando\u2026","rel":"","context":"En \u00abCatequesis Oratorio\u00bb","block_context":{"text":"Catequesis Oratorio","link":"https:\/\/fuente.archimadrid.es\/index.php\/category\/catequesis-oratorio\/"},"img":{"alt_text":"","src":"https:\/\/i0.wp.com\/fuente.archimadrid.es\/wp-content\/uploads\/2022\/09\/catequesis-diferente.jpg?fit=1200%2C800&ssl=1&resize=350%2C200","width":350,"height":200,"srcset":"https:\/\/i0.wp.com\/fuente.archimadrid.es\/wp-content\/uploads\/2022\/09\/catequesis-diferente.jpg?fit=1200%2C800&ssl=1&resize=350%2C200 1x, https:\/\/i0.wp.com\/fuente.archimadrid.es\/wp-content\/uploads\/2022\/09\/catequesis-diferente.jpg?fit=1200%2C800&ssl=1&resize=525%2C300 1.5x, https:\/\/i0.wp.com\/fuente.archimadrid.es\/wp-content\/uploads\/2022\/09\/catequesis-diferente.jpg?fit=1200%2C800&ssl=1&resize=700%2C400 2x, https:\/\/i0.wp.com\/fuente.archimadrid.es\/wp-content\/uploads\/2022\/09\/catequesis-diferente.jpg?fit=1200%2C800&ssl=1&resize=1050%2C600 3x"},"classes":[]},{"id":645,"url":"https:\/\/fuente.archimadrid.es\/index.php\/2024\/09\/13\/inscripcion-catequesis-de-infancia-2024-25\/","url_meta":{"origin":684,"position":2},"title":"INSCRIPCI\u00d3N CATEQUESIS DE INFANCIA 2024\/25","author":"admin","date":"13 de septiembre de 2024","format":false,"excerpt":"Hasta el 25 de septiembre se abre el plazo de inscripci\u00f3n a la catequesis de infancia. Se comienza la catequesis en 1\u00ba de primaria. La duraci\u00f3n es de tres cursos, un dia en semana. Los d\u00edas y horas se pondr\u00e1n en funci\u00f3n del n\u00famero de ni\u00f1os y disponibilidad de las\u2026","rel":"","context":"En \u00abCatequesis Oratorio\u00bb","block_context":{"text":"Catequesis Oratorio","link":"https:\/\/fuente.archimadrid.es\/index.php\/category\/catequesis-oratorio\/"},"img":{"alt_text":"","src":"https:\/\/i0.wp.com\/fuente.archimadrid.es\/wp-content\/uploads\/2024\/09\/inscripcion-catequesis-2024-25.jpg?fit=960%2C300&ssl=1&resize=350%2C200","width":350,"height":200,"srcset":"https:\/\/i0.wp.com\/fuente.archimadrid.es\/wp-content\/uploads\/2024\/09\/inscripcion-catequesis-2024-25.jpg?fit=960%2C300&ssl=1&resize=350%2C200 1x, https:\/\/i0.wp.com\/fuente.archimadrid.es\/wp-content\/uploads\/2024\/09\/inscripcion-catequesis-2024-25.jpg?fit=960%2C300&ssl=1&resize=525%2C300 1.5x, https:\/\/i0.wp.com\/fuente.archimadrid.es\/wp-content\/uploads\/2024\/09\/inscripcion-catequesis-2024-25.jpg?fit=960%2C300&ssl=1&resize=700%2C400 2x"},"classes":[]},{"id":65,"url":"https:\/\/fuente.archimadrid.es\/index.php\/2020\/12\/09\/oratorio-de-ninos-pequenos\/","url_meta":{"origin":684,"position":3},"title":"Oratorio de ni\u00f1os peque\u00f1os","author":"admin","date":"9 de diciembre de 2020","format":false,"excerpt":"Los ni\u00f1os saben rezar y nos ayudan a rezar. A trav\u00e9s de la Catequesis siguiendo el esquema de el \"Oratorio para ni\u00f1os peque\u00f1os\" van conociendo m\u00e1s a Jes\u00fas y se van preparando para el d\u00eda que puedan acercarse a recibirle en su primera Comuni\u00f3n. Comienzan en 1\u00ba de primaria (hasta\u2026","rel":"","context":"En \u00abCatequesis Oratorio\u00bb","block_context":{"text":"Catequesis Oratorio","link":"https:\/\/fuente.archimadrid.es\/index.php\/category\/catequesis-oratorio\/"},"img":{"alt_text":"","src":"https:\/\/i0.wp.com\/fuente.archimadrid.es\/wp-content\/uploads\/2020\/12\/oratorio-scaled.jpg?fit=1200%2C900&ssl=1&resize=350%2C200","width":350,"height":200,"srcset":"https:\/\/i0.wp.com\/fuente.archimadrid.es\/wp-content\/uploads\/2020\/12\/oratorio-scaled.jpg?fit=1200%2C900&ssl=1&resize=350%2C200 1x, https:\/\/i0.wp.com\/fuente.archimadrid.es\/wp-content\/uploads\/2020\/12\/oratorio-scaled.jpg?fit=1200%2C900&ssl=1&resize=525%2C300 1.5x, https:\/\/i0.wp.com\/fuente.archimadrid.es\/wp-content\/uploads\/2020\/12\/oratorio-scaled.jpg?fit=1200%2C900&ssl=1&resize=700%2C400 2x, https:\/\/i0.wp.com\/fuente.archimadrid.es\/wp-content\/uploads\/2020\/12\/oratorio-scaled.jpg?fit=1200%2C900&ssl=1&resize=1050%2C600 3x"},"classes":[]},{"id":253,"url":"https:\/\/fuente.archimadrid.es\/index.php\/2021\/09\/03\/inscripcion-a-catequesis-2021-22\/","url_meta":{"origin":684,"position":4},"title":"Inscripci\u00f3n a catequesis. 2021\/22","author":"admin","date":"3 de septiembre de 2021","format":false,"excerpt":"Ya pod\u00e9is inscribir a vuestros hijos -desde 1\u00ba de primaria-, a catequesis. La catequesis comenzar\u00e1 la semana del 4 de octubre, antes se pondr\u00e1n en las parroquias las listas y habr\u00e1 que pasar a firmar la inscripci\u00f3n definitiva. El enlace para hacer la inscripci\u00f3n es este: https:\/\/forms.gle\/TbBWHiB9boC2eArS9 Gracias padres por\u2026","rel":"","context":"En \u00abCatequesis Oratorio\u00bb","block_context":{"text":"Catequesis Oratorio","link":"https:\/\/fuente.archimadrid.es\/index.php\/category\/catequesis-oratorio\/"},"img":{"alt_text":"","src":"https:\/\/i0.wp.com\/fuente.archimadrid.es\/wp-content\/uploads\/2021\/09\/catequesis-primera-comunion.jpg?fit=1200%2C797&ssl=1&resize=350%2C200","width":350,"height":200,"srcset":"https:\/\/i0.wp.com\/fuente.archimadrid.es\/wp-content\/uploads\/2021\/09\/catequesis-primera-comunion.jpg?fit=1200%2C797&ssl=1&resize=350%2C200 1x, https:\/\/i0.wp.com\/fuente.archimadrid.es\/wp-content\/uploads\/2021\/09\/catequesis-primera-comunion.jpg?fit=1200%2C797&ssl=1&resize=525%2C300 1.5x, https:\/\/i0.wp.com\/fuente.archimadrid.es\/wp-content\/uploads\/2021\/09\/catequesis-primera-comunion.jpg?fit=1200%2C797&ssl=1&resize=700%2C400 2x, https:\/\/i0.wp.com\/fuente.archimadrid.es\/wp-content\/uploads\/2021\/09\/catequesis-primera-comunion.jpg?fit=1200%2C797&ssl=1&resize=1050%2C600 3x"},"classes":[]},{"id":674,"url":"https:\/\/fuente.archimadrid.es\/index.php\/2025\/08\/31\/paricipa-en-la-vida-de-la-parroquia\/","url_meta":{"origin":684,"position":5},"title":"PARTICIPA EN LA VIDA DE LA PARROQUIA (ojo, para apuntar a catequsis de infancia la entrada anterior)","author":"admin","date":"31 de agosto de 2025","format":false,"excerpt":"Si quieres participar y ayudar en la vida de la parroquia rellena el siguiente cuestionario con la actividad que te interese. Si quieres participar en m\u00e1s de una cosa haz varios cuestionarios (es muyyy r\u00e1pido), Gracias por adelantado. La informaci\u00f3n sobre los grupos despu\u00e9s de la encuesta. \u00a0 Cargando\u2026 ACTIVIDADES\u2026","rel":"","context":"En \u00abNoticias\u00bb","block_context":{"text":"Noticias","link":"https:\/\/fuente.archimadrid.es\/index.php\/category\/noticias\/"},"img":{"alt_text":"","src":"https:\/\/i0.wp.com\/fuente.archimadrid.es\/wp-content\/uploads\/2025\/08\/Post-voluntariado-qzy3hiy8bf4iebvh39xofq2gjoygn32ew58mipn6mk.webp?fit=1140%2C750&ssl=1&resize=350%2C200","width":350,"height":200,"srcset":"https:\/\/i0.wp.com\/fuente.archimadrid.es\/wp-content\/uploads\/2025\/08\/Post-voluntariado-qzy3hiy8bf4iebvh39xofq2gjoygn32ew58mipn6mk.webp?fit=1140%2C750&ssl=1&resize=350%2C200 1x, https:\/\/i0.wp.com\/fuente.archimadrid.es\/wp-content\/uploads\/2025\/08\/Post-voluntariado-qzy3hiy8bf4iebvh39xofq2gjoygn32ew58mipn6mk.webp?fit=1140%2C750&ssl=1&resize=525%2C300 1.5x, https:\/\/i0.wp.com\/fuente.archimadrid.es\/wp-content\/uploads\/2025\/08\/Post-voluntariado-qzy3hiy8bf4iebvh39xofq2gjoygn32ew58mipn6mk.webp?fit=1140%2C750&ssl=1&resize=700%2C400 2x, https:\/\/i0.wp.com\/fuente.archimadrid.es\/wp-content\/uploads\/2025\/08\/Post-voluntariado-qzy3hiy8bf4iebvh39xofq2gjoygn32ew58mipn6mk.webp?fit=1140%2C750&ssl=1&resize=1050%2C600 3x"},"classes":[]}],"jetpack_sharing_enabled":true,"_links":{"self":[{"href":"https:\/\/fuente.archimadrid.es\/index.php\/wp-json\/wp\/v2\/posts\/684","targetHints":{"allow":["GET"]}}],"collection":[{"href":"https:\/\/fuente.archimadrid.es\/index.php\/wp-json\/wp\/v2\/posts"}],"about":[{"href":"https:\/\/fuente.archimadrid.es\/index.php\/wp-json\/wp\/v2\/types\/post"}],"author":[{"embeddable":true,"href":"https:\/\/fuente.archimadrid.es\/index.php\/wp-json\/wp\/v2\/users\/1"}],"replies":[{"embeddable":true,"href":"https:\/\/fuente.archimadrid.es\/index.php\/wp-json\/wp\/v2\/comments?post=684"}],"version-history":[{"count":1,"href":"https:\/\/fuente.archimadrid.es\/index.php\/wp-json\/wp\/v2\/posts\/684\/revisions"}],"predecessor-version":[{"id":685,"href":"https:\/\/fuente.archimadrid.es\/index.php\/wp-json\/wp\/v2\/posts\/684\/revisions\/685"}],"wp:featuredmedia":[{"embeddable":true,"href":"https:\/\/fuente.archimadrid.es\/index.php\/wp-json\/wp\/v2\/media\/560"}],"wp:attachment":[{"href":"https:\/\/fuente.archimadrid.es\/index.php\/wp-json\/wp\/v2\/media?parent=684"}],"wp:term":[{"taxonomy":"category","embeddable":true,"href":"https:\/\/fuente.archimadrid.es\/index.php\/wp-json\/wp\/v2\/categories?post=684"},{"taxonomy":"post_tag","embeddable":true,"href":"https:\/\/fuente.archimadrid.es\/index.php\/wp-json\/wp\/v2\/tags?post=684"}],"curies":[{"name":"wp","href":"https:\/\/api.w.org\/{rel}","templated":true}]}}