{"id":674,"date":"2025-08-31T10:31:12","date_gmt":"2025-08-31T08:31:12","guid":{"rendered":"https:\/\/fuente.archimadrid.es\/?p=674"},"modified":"2025-10-11T09:24:52","modified_gmt":"2025-10-11T07:24:52","slug":"paricipa-en-la-vida-de-la-parroquia","status":"publish","type":"post","link":"https:\/\/fuente.archimadrid.es\/index.php\/2025\/08\/31\/paricipa-en-la-vida-de-la-parroquia\/","title":{"rendered":"PARTICIPA EN LA VIDA DE LA PARROQUIA (ojo, para apuntar a catequsis de infancia la entrada anterior)"},"content":{"rendered":"<p>Si quieres participar y ayudar en la vida de la parroquia rellena el siguiente cuestionario con la actividad que te interese. Si quieres participar en m\u00e1s de una cosa haz varios cuestionarios (es muyyy r\u00e1pido), Gracias por adelantado. La informaci\u00f3n sobre los grupos despu\u00e9s de la encuesta.<\/p>\n<p>&nbsp;<\/p>\n<p><iframe loading=\"lazy\" src=\"https:\/\/docs.google.com\/forms\/d\/e\/1FAIpQLSfL7NBiMw1rl7U2oFvmGGyTr-7IoCCIRygRcanuFLN3jH-lgQ\/viewform?embedded=true\" width=\"640\" height=\"1240\" frameborder=\"0\" marginwidth=\"0\" marginheight=\"0\">Cargando\u2026<\/iframe><\/p>\n<p><strong>ACTIVIDADES CURSO 2025\/26<\/strong><\/p>\n<p>Comienza un nuevo curso tambi\u00e9n en la parroquia y ojal\u00e1 lo afrontemos con generosidad de esp\u00edritu, alegr\u00eda y ganas de anunciar a Jesucristo a todos y de conocerle mejor. Os presentamos las actividades que hay, o que deber\u00eda haber, por si pod\u00e9is colaborar o hacer nuevas propuestas que nos ayuden a todos.<\/p>\n<p><strong>HORARIOS FIJOS:<\/strong><\/p>\n<p><strong>MISAS<\/strong>: Laborables: 10:00 y 20:30. s\u00e1bados y V\u00edsperas: 10:00 y 19:00<\/p>\n<p>Domingos y festivos: 10:00*, 11:00, 13:00, 19:00 y 20:00* (*se suprimen en julio y agosto)<\/p>\n<p><strong>CONFESIONES<\/strong>: Siempre que se pida y cuando se pueda en Misa\u2026, pero siempre es mejor confesarse en otro momento y o\u00edr la Misa entera.<\/p>\n<p><strong>EXPOSICI\u00d3N DEL SANT\u00cdSIMO: <\/strong>martes de 18:15 a 20:15<\/p>\n<p><strong>DESPACHO PARROQUIAL:<\/strong> De lunes a viernes no festivos de 8.00 a 13:30<\/p>\n<p><strong>RETOS:<\/strong><\/p>\n<p><strong>CONSEJO PASTORAL PARROQUIAL: <\/strong>Este curso debemos formar el consejo parroquial que ayude al p\u00e1rroco a tomar las decisiones en la parroquia y ayude a buscar mejores formas de anunciar a Jesucristo. Ser\u00eda bueno que hubiera unas 10 personas de distintas edades y a ser posible de las distintas zonas que comprende nuestra parroquia, para tener una visi\u00f3n m\u00e1s global. <strong>HACEN FALTA VOLUNTARIOS<\/strong>.<\/p>\n<p>Si no hay extraordinarios ser\u00edan 3 reuniones al a\u00f1o, de m\u00e1ximo hora y media:<\/p>\n<p>30 de octubre- 29 de enero y 28 de mayo a las 20:00 en el sal\u00f3n parroquial.<\/p>\n<p><strong>ACCI\u00d3N EVANGELIZADORA:<\/strong><\/p>\n<p><strong>CATEQUESIS DE INFANCIA:<\/strong> Para preparar a los ni\u00f1os de 1\u00ba a 3\u00ba de primaria para recibir los sacramentos de la Penitencia y la Eucarist\u00eda. Se sigue el m\u00e9todo del Oratorio, rezar y formar a los ni\u00f1os. <strong>Siempre hace falta ayuda<\/strong> como catequista. Es entre semana de 17:15 a 18:00 o de 18:15 a 19:00, seg\u00fan los grupos que salgan.<\/p>\n<p><strong>Si puedes echar una mano te lo agradecemos.<\/strong><\/p>\n<p><strong>CONFIRMACI\u00d3N PEQUE\u00d1OS:<\/strong> Los de 4\u00ba de primaria pueden ya empezar a prepararse para el Sacramento de la Confirmaci\u00f3n y as\u00ed tener una catequesis continuada. Suele ser los mi\u00e9rcoles a las 18:00.<\/p>\n<p><strong>JJ, DE 14 A 17 A\u00d1OS:<\/strong> Para la formaci\u00f3n en la fe (y la Confirmaci\u00f3n si no est\u00e1n confirmados), con unas charlas dadas por j\u00f3venes y para j\u00f3venes. Suele ser cada dos domingos entre las Misas de 11:00 y de 13:00, con distintas actividades. Con este grupo se procura acudir a la \u201cJavierada\u201d en marzo y un campo de trabajo en verano.<\/p>\n<p><strong>JU, DE 18 A 22 A\u00d1OS.<\/strong> Los Universitarios tambi\u00e9n tienen su espacio, con una reuni\u00f3n cada dos semanas e intentaremos hacer tres ma\u00f1anas de retiro\/convivencia al a\u00f1o. Este a\u00f1o trataremos el tema de la vida moral y los mandamientos. Como siempre tienen problemas de horario tendremos una primera reuni\u00f3n el viernes 3 de octubre a las 21:00 h y buscaremos el d\u00eda y hora que les venga mejor a los m\u00e1s posibles.<\/p>\n<p>Las convivencias ser\u00edan los s\u00e1bados 18 de octubre, 7 de febrero y 13 de junio. Comienzan con la Misa de 10:00 y hasta las 17:00 h. Comemos juntos aqu\u00ed.<\/p>\n<p>Tambi\u00e9n pueden organizar grupos de estudio, convivencias, ver el f\u00fatbol, etc.<\/p>\n<p><strong>De este grupo suelen salir los monitores para el campamento de verano de San Mam\u00e9s.<\/strong><\/p>\n<p><strong>JU+. J\u00d3VENES PROFESIONALES, DE 22 A X A\u00d1OS: <\/strong>J\u00f3venes que ya est\u00e1n en el mundo laboral o preparando el fin de grado. Nos reunimos cada dos lunes de 21:00 a 22:30 h. Cenamos juntos y debatimos sobre temas de la vida enfocada desde Cristo. Este a\u00f1o trataremos temas relacionados con el noviazgo, matrimonio y vocaci\u00f3n. No hace falta tener novio\/a para venir, je. Comenzaremos el lunes 6 de octubre.<\/p>\n<p><strong>GRUPO DE MATRIMONIOS:<\/strong> Los mi\u00e9rcoles de 21:00 a 22:00 horas se junta un grupo de matrimonios en la parroquia. Se tiene media hora de formaci\u00f3n y media hora de Adoraci\u00f3n al Sant\u00edsimo con canciones de Hakuna. Dos veces al mes bajamos a tomar algo juntos para poder convivir y conocernos m\u00e1s, est\u00e1is todos los matrimonios invitados. Comenzar\u00e1 el 8 de octubre.<\/p>\n<p><strong>VIERNES DE FORMACI\u00d3N: <\/strong>Este a\u00f1o vamos a retomar la formaci\u00f3n en la doctrina de la Iglesia, para todas las edades. Normalmente el segundo viernes de mes, de 19:15 a 20:15. Este a\u00f1o tocaremos el tema de los Sacramentos. Comenzaremos el 10 de octubre. Est\u00e1is todos invitados.<\/p>\n<p><strong>ACCI\u00d3N CARITATIVA Y VOLUNTARIADO.<\/strong><\/p>\n<p><strong>C\u00c1RITAS: <\/strong>Existe en la parroquia un grupo de C\u00e1ritas que se coordina con las parroquias de alrededor y busca fondos para ayudas concretas a otras parroquias e instituciones, organiza el mercadillo, campeonato de Golf, etc. Siempre hace falta savia nueva que las que est\u00e1n llevan ya sus a\u00f1os y necesitan ayuda.<\/p>\n<p><strong>VOLUNTARIADO:<\/strong> Ser\u00eda otra actividad que formar nueva. Alg\u00fan o algunos que puedan coordinar voluntariado cerca de la parroquia para aquellos que puedan dar algo de su tiempo a los que m\u00e1s lo necesitan Ser\u00eda algo nuevo, as\u00ed que hacen falta responsables.<\/p>\n<p><strong>ORACI\u00d3N Y LITURGIA:<\/strong><\/p>\n<p><strong>ORACI\u00d3N DE MADRES: <\/strong>Los martes o viernes, despu\u00e9s de Misa de 10:00 algunas madres se re\u00fanen en la Capilla del Sant\u00edsimo para rezar por sus hijos o las de otras que piden oraciones, est\u00e1is todas invitadas.<\/p>\n<p><strong>GRUPO PADRE PIO.<\/strong> El primer viernes de mes, desde el 3 de octubre, a las 19:30 hasta las 20:30, delante del Sant\u00edsimo, se re\u00fane el Grupo de Oraci\u00f3n del Padre Pio, con las meditaciones que nos mandan desde Italia, el rezo del Santo Rosario y la intercesi\u00f3n por todas las necesidades que nos piden. Es un grupo reconocido por el Monasterio de San Giovanni Rotondo, que necesita asentarse y consolidarse. Si quieres un rato tranquilo de oraci\u00f3n e intercesi\u00f3n, ac\u00e9rcate.<\/p>\n<p><strong>SANTO ROSARIO:<\/strong>\u00a0 De lunes a viernes a las 9:30 en la Iglesia.<\/p>\n<p><strong>COROS:<\/strong>\u00a0 Tenemos un estupendo coro en Misa de 13:00 los domingos al que estamos agradecid\u00edsimos por ayudarnos a rezar mejor. Pero como Dios no ha bendecido a vuestros sacerdotes con el don musical, si alg\u00fan grupo de personas se anima a cantar el cualquiera de las dem\u00e1s Misas del domingo no dud\u00e9is en ofreceros.<\/p>\n<p><strong>OTROS SERVICIOS<\/strong><\/p>\n<p><strong>ECONOM\u00cdA: <\/strong>Aunque una persona lleva las cuentas mensuales de la parroquia estupendamente, lleva muchos a\u00f1os y si alguien la quiere ayudar estupendo. Tenemos que revitalizar el Consejo Econ\u00f3mico que nos reunimos poco.<\/p>\n<p><strong>MANTENIMIENTO:<\/strong> Aunque hay una persona de mantenimiento siempre hay lugar para m\u00e1s. Si eres \u201cmanitas\u201d y ves alguna cosa que mejorar, arreglar o inventar no dudes en ofrecerte.<\/p>\n<p><strong>Y TENEMOS M\u00c1S RETOS: <\/strong>Los m\u00e1s mayores, los que est\u00e1n solos, todo el tema de las redes sociales y la p\u00e1gina web, momentos de formaci\u00f3n cultural, acompa\u00f1amiento a matrimonios que los est\u00e9n pasando mal, los que no pasan por la Iglesia, etc. etc. etc.<\/p>\n<p><strong>\u00c1NIMATE A ECHAR UNA MANO, PIDE LUCES EN LA ORACI\u00d3N Y ADELANTE.<\/strong><\/p>\n<p><strong>\u00a0<\/strong><\/p>\n<p><strong>SI QUER\u00c9IS MANDAR VUESTRAS PROPUESTAS O BIEN POR ESCRITO Y SE LO DAIS A D. IGNACIO O MEJOR POR LA P\u00c1GINA WEB DE LA PARROQUIA <\/strong><a href=\"https:\/\/fuente.archimadrid.es\"><strong>https:\/\/fuente.archimadrid.es<\/strong><\/a><strong> QUE PONDREMOS UN CUESTIONARIO PARA TODOS.<\/strong><\/p>\n","protected":false},"excerpt":{"rendered":"<p>Si quieres participar y ayudar en la vida de la parroquia rellena el siguiente cuestionario con la actividad que te interese. Si quieres participar en m\u00e1s de una cosa haz varios cuestionarios (es muyyy &#8230; <\/p>\n<p class=\"read-more-container\"><a title=\"PARTICIPA EN LA VIDA DE LA PARROQUIA (ojo, para apuntar a catequsis de infancia la entrada anterior)\" class=\"read-more button\" href=\"https:\/\/fuente.archimadrid.es\/index.php\/2025\/08\/31\/paricipa-en-la-vida-de-la-parroquia\/#more-674\" aria-label=\"Leer m\u00e1s sobre PARTICIPA EN LA VIDA DE LA PARROQUIA (ojo, para apuntar a catequsis de infancia la entrada anterior)\">Leer m\u00e1s<\/a><\/p>\n","protected":false},"author":1,"featured_media":676,"comment_status":"open","ping_status":"closed","sticky":false,"template":"","format":"standard","meta":{"_jetpack_memberships_contains_paid_content":false,"footnotes":""},"categories":[4,3],"tags":[],"class_list":["post-674","post","type-post","status-publish","format-standard","has-post-thumbnail","hentry","category-noticias","category-parroquia","generate-columns","tablet-grid-50","mobile-grid-100","grid-parent","grid-50"],"jetpack_featured_media_url":"https:\/\/i0.wp.com\/fuente.archimadrid.es\/wp-content\/uploads\/2025\/08\/Post-voluntariado-qzy3hiy8bf4iebvh39xofq2gjoygn32ew58mipn6mk.webp?fit=1140%2C750&ssl=1","jetpack-related-posts":[{"id":364,"url":"https:\/\/fuente.archimadrid.es\/index.php\/2021\/10\/27\/1-de-noviembre-todos-los-santos-y-cruz-jmj\/","url_meta":{"origin":674,"position":0},"title":"1 de Noviembre: Todos los Santos y Cruz JMJ","author":"admin","date":"27 de octubre de 2021","format":false,"excerpt":"El lunes 1 de noviembre es el d\u00eda de todos los Santos, es d\u00eda de precepto por lo que el horario de Misas ser\u00e1 como de domingo: 10:00-11:00-13:00-19:00 y 20:00 La r\u00e9plica de la Cruz de las Jornadas Mundiales de la Juventud (JMJ) y el icono de las familias. Estar\u00e1n\u2026","rel":"","context":"En \u00abJU+\u00bb","block_context":{"text":"JU+","link":"https:\/\/fuente.archimadrid.es\/index.php\/category\/ju-2\/"},"img":{"alt_text":"","src":"https:\/\/i0.wp.com\/fuente.archimadrid.es\/wp-content\/uploads\/2021\/10\/011_Santos_Noviembre0001.jpeg?fit=1200%2C1013&ssl=1&resize=350%2C200","width":350,"height":200,"srcset":"https:\/\/i0.wp.com\/fuente.archimadrid.es\/wp-content\/uploads\/2021\/10\/011_Santos_Noviembre0001.jpeg?fit=1200%2C1013&ssl=1&resize=350%2C200 1x, https:\/\/i0.wp.com\/fuente.archimadrid.es\/wp-content\/uploads\/2021\/10\/011_Santos_Noviembre0001.jpeg?fit=1200%2C1013&ssl=1&resize=525%2C300 1.5x, https:\/\/i0.wp.com\/fuente.archimadrid.es\/wp-content\/uploads\/2021\/10\/011_Santos_Noviembre0001.jpeg?fit=1200%2C1013&ssl=1&resize=700%2C400 2x, https:\/\/i0.wp.com\/fuente.archimadrid.es\/wp-content\/uploads\/2021\/10\/011_Santos_Noviembre0001.jpeg?fit=1200%2C1013&ssl=1&resize=1050%2C600 3x"},"classes":[]},{"id":668,"url":"https:\/\/fuente.archimadrid.es\/index.php\/2025\/06\/27\/horario-de-verano-desde-el-29-de-junio\/","url_meta":{"origin":674,"position":1},"title":"Horario de verano desde el 29 de junio","author":"admin","date":"27 de junio de 2025","format":false,"excerpt":"Del 29 de junio al 31 de agosto, ambos incluidos,\u00a0 se suprimen las Misas de los Domingos y Festivos de 10:00 y de 20:00 h. El resto del horario de Misas contin\u00faa igual. Diario: 10:00 y 20:30 S\u00e1bados: 10.00 y 19:00 V\u00edspera de precepto: 19:00 Domingos: 11:00 -13:00 y 19:00","rel":"","context":"En \u00abNoticias\u00bb","block_context":{"text":"Noticias","link":"https:\/\/fuente.archimadrid.es\/index.php\/category\/noticias\/"},"img":{"alt_text":"","src":"https:\/\/i0.wp.com\/fuente.archimadrid.es\/wp-content\/uploads\/2025\/06\/horario-misas.png?fit=900%2C300&ssl=1&resize=350%2C200","width":350,"height":200,"srcset":"https:\/\/i0.wp.com\/fuente.archimadrid.es\/wp-content\/uploads\/2025\/06\/horario-misas.png?fit=900%2C300&ssl=1&resize=350%2C200 1x, https:\/\/i0.wp.com\/fuente.archimadrid.es\/wp-content\/uploads\/2025\/06\/horario-misas.png?fit=900%2C300&ssl=1&resize=525%2C300 1.5x, https:\/\/i0.wp.com\/fuente.archimadrid.es\/wp-content\/uploads\/2025\/06\/horario-misas.png?fit=900%2C300&ssl=1&resize=700%2C400 2x"},"classes":[]},{"id":244,"url":"https:\/\/fuente.archimadrid.es\/index.php\/2021\/07\/08\/horario-de-misas-en-julio-y-agosto\/","url_meta":{"origin":674,"position":2},"title":"HORARIO DE MISAS EN JULIO Y AGOSTO","author":"admin","date":"8 de julio de 2021","format":false,"excerpt":"En julio y agosto suprimimos las Misas de 10 y de 20 de los domingos y festivos, quedando as\u00ed el horario: Laborables: 10:00 y 20:30 S\u00e1bados y V\u00edsperas: 10:00 y 19:00 Domingos y Festivos: 11:00-13:00 y 19:00 Feliz Verano","rel":"","context":"En \u00abNoticias\u00bb","block_context":{"text":"Noticias","link":"https:\/\/fuente.archimadrid.es\/index.php\/category\/noticias\/"},"img":{"alt_text":"","src":"https:\/\/i0.wp.com\/fuente.archimadrid.es\/wp-content\/uploads\/2021\/07\/16036585022354.png.jpeg?fit=1200%2C680&ssl=1&resize=350%2C200","width":350,"height":200,"srcset":"https:\/\/i0.wp.com\/fuente.archimadrid.es\/wp-content\/uploads\/2021\/07\/16036585022354.png.jpeg?fit=1200%2C680&ssl=1&resize=350%2C200 1x, https:\/\/i0.wp.com\/fuente.archimadrid.es\/wp-content\/uploads\/2021\/07\/16036585022354.png.jpeg?fit=1200%2C680&ssl=1&resize=525%2C300 1.5x, https:\/\/i0.wp.com\/fuente.archimadrid.es\/wp-content\/uploads\/2021\/07\/16036585022354.png.jpeg?fit=1200%2C680&ssl=1&resize=700%2C400 2x, https:\/\/i0.wp.com\/fuente.archimadrid.es\/wp-content\/uploads\/2021\/07\/16036585022354.png.jpeg?fit=1200%2C680&ssl=1&resize=1050%2C600 3x"},"classes":[]},{"id":166,"url":"https:\/\/fuente.archimadrid.es\/index.php\/2020\/12\/19\/horarios-de-misas-en-la-fiesta-de-navidad\/","url_meta":{"origin":674,"position":3},"title":"HORARIOS DE MISAS EN LA FIESTA DE NAVIDAD","author":"admin","date":"19 de diciembre de 2020","format":false,"excerpt":"MISA DE V\u00cdSPERA: A las 19:00h.MISA DEL GALLO: A LAS 00:00 MISAS DEL D\u00cdA: 10:00- 11:00- 13:00- 19:00 Y 20:00 OS DESEAMOS UNA FELIZ Y SANTA NAVIDAD","rel":"","context":"En \u00abNoticias\u00bb","block_context":{"text":"Noticias","link":"https:\/\/fuente.archimadrid.es\/index.php\/category\/noticias\/"},"img":{"alt_text":"","src":"https:\/\/i0.wp.com\/fuente.archimadrid.es\/wp-content\/uploads\/2020\/12\/giotto-di-bondone-no-17-scenes-from-the-life-of-christ-1-nativity-birth-of-jesus-wga09193_ca44e1e2_1200x1220.jpg?fit=1180%2C1200&ssl=1&resize=350%2C200","width":350,"height":200,"srcset":"https:\/\/i0.wp.com\/fuente.archimadrid.es\/wp-content\/uploads\/2020\/12\/giotto-di-bondone-no-17-scenes-from-the-life-of-christ-1-nativity-birth-of-jesus-wga09193_ca44e1e2_1200x1220.jpg?fit=1180%2C1200&ssl=1&resize=350%2C200 1x, https:\/\/i0.wp.com\/fuente.archimadrid.es\/wp-content\/uploads\/2020\/12\/giotto-di-bondone-no-17-scenes-from-the-life-of-christ-1-nativity-birth-of-jesus-wga09193_ca44e1e2_1200x1220.jpg?fit=1180%2C1200&ssl=1&resize=525%2C300 1.5x, https:\/\/i0.wp.com\/fuente.archimadrid.es\/wp-content\/uploads\/2020\/12\/giotto-di-bondone-no-17-scenes-from-the-life-of-christ-1-nativity-birth-of-jesus-wga09193_ca44e1e2_1200x1220.jpg?fit=1180%2C1200&ssl=1&resize=700%2C400 2x, https:\/\/i0.wp.com\/fuente.archimadrid.es\/wp-content\/uploads\/2020\/12\/giotto-di-bondone-no-17-scenes-from-the-life-of-christ-1-nativity-birth-of-jesus-wga09193_ca44e1e2_1200x1220.jpg?fit=1180%2C1200&ssl=1&resize=1050%2C600 3x"},"classes":[]},{"id":369,"url":"https:\/\/fuente.archimadrid.es\/index.php\/2021\/12\/23\/369\/","url_meta":{"origin":674,"position":4},"title":"Horario de Misas en tiempo de Navidad","author":"admin","date":"23 de diciembre de 2021","format":false,"excerpt":"Horario de Las Misas en Tiempo de Navidad: SOLEMNIDAD DE LA NATIVIDAD DEL SE\u00d1OR 24 de diciembre: Misa de 19:00 Misa de 00:00 25 de diciembre: Misa de 10:00 Misa de 11:00 Misa de 13:00 NO HAY MISAS POR LA TARDE. DOMINGO DE LA SAGRADA FAMILIA DOMINGO 26: Misa de\u2026","rel":"","context":"En \u00abNoticias\u00bb","block_context":{"text":"Noticias","link":"https:\/\/fuente.archimadrid.es\/index.php\/category\/noticias\/"},"img":{"alt_text":"","src":"https:\/\/i0.wp.com\/fuente.archimadrid.es\/wp-content\/uploads\/2021\/12\/nin%CC%83o-jesus-scaled.jpg?fit=900%2C1200&ssl=1&resize=350%2C200","width":350,"height":200,"srcset":"https:\/\/i0.wp.com\/fuente.archimadrid.es\/wp-content\/uploads\/2021\/12\/nin%CC%83o-jesus-scaled.jpg?fit=900%2C1200&ssl=1&resize=350%2C200 1x, https:\/\/i0.wp.com\/fuente.archimadrid.es\/wp-content\/uploads\/2021\/12\/nin%CC%83o-jesus-scaled.jpg?fit=900%2C1200&ssl=1&resize=525%2C300 1.5x, https:\/\/i0.wp.com\/fuente.archimadrid.es\/wp-content\/uploads\/2021\/12\/nin%CC%83o-jesus-scaled.jpg?fit=900%2C1200&ssl=1&resize=700%2C400 2x"},"classes":[]},{"id":209,"url":"https:\/\/fuente.archimadrid.es\/index.php\/2021\/01\/19\/dehesa-vieja-confinada-30-de-aforo\/","url_meta":{"origin":674,"position":5},"title":"DEHESA VIEJA CONFINADA. 30% DE AFORO","author":"admin","date":"19 de enero de 2021","format":false,"excerpt":"La ZBS Dehesa Vieja ha quedado dentro de los l\u00edmites de la zona confinada, por lo que el aforo en la parroquia se reduce al 30%. Os rogamos que pens\u00e9is en distribuiros en las distintas Misas del domingo, sabiendo que las Misas de 10:00, 19:00 y 20:00 son las que\u2026","rel":"","context":"En \u00abNoticias\u00bb","block_context":{"text":"Noticias","link":"https:\/\/fuente.archimadrid.es\/index.php\/category\/noticias\/"},"img":{"alt_text":"","src":"https:\/\/i0.wp.com\/fuente.archimadrid.es\/wp-content\/uploads\/2021\/01\/30off.png?fit=800%2C460&ssl=1&resize=350%2C200","width":350,"height":200,"srcset":"https:\/\/i0.wp.com\/fuente.archimadrid.es\/wp-content\/uploads\/2021\/01\/30off.png?fit=800%2C460&ssl=1&resize=350%2C200 1x, https:\/\/i0.wp.com\/fuente.archimadrid.es\/wp-content\/uploads\/2021\/01\/30off.png?fit=800%2C460&ssl=1&resize=525%2C300 1.5x, https:\/\/i0.wp.com\/fuente.archimadrid.es\/wp-content\/uploads\/2021\/01\/30off.png?fit=800%2C460&ssl=1&resize=700%2C400 2x"},"classes":[]}],"jetpack_sharing_enabled":true,"_links":{"self":[{"href":"https:\/\/fuente.archimadrid.es\/index.php\/wp-json\/wp\/v2\/posts\/674","targetHints":{"allow":["GET"]}}],"collection":[{"href":"https:\/\/fuente.archimadrid.es\/index.php\/wp-json\/wp\/v2\/posts"}],"about":[{"href":"https:\/\/fuente.archimadrid.es\/index.php\/wp-json\/wp\/v2\/types\/post"}],"author":[{"embeddable":true,"href":"https:\/\/fuente.archimadrid.es\/index.php\/wp-json\/wp\/v2\/users\/1"}],"replies":[{"embeddable":true,"href":"https:\/\/fuente.archimadrid.es\/index.php\/wp-json\/wp\/v2\/comments?post=674"}],"version-history":[{"count":6,"href":"https:\/\/fuente.archimadrid.es\/index.php\/wp-json\/wp\/v2\/posts\/674\/revisions"}],"predecessor-version":[{"id":687,"href":"https:\/\/fuente.archimadrid.es\/index.php\/wp-json\/wp\/v2\/posts\/674\/revisions\/687"}],"wp:featuredmedia":[{"embeddable":true,"href":"https:\/\/fuente.archimadrid.es\/index.php\/wp-json\/wp\/v2\/media\/676"}],"wp:attachment":[{"href":"https:\/\/fuente.archimadrid.es\/index.php\/wp-json\/wp\/v2\/media?parent=674"}],"wp:term":[{"taxonomy":"category","embeddable":true,"href":"https:\/\/fuente.archimadrid.es\/index.php\/wp-json\/wp\/v2\/categories?post=674"},{"taxonomy":"post_tag","embeddable":true,"href":"https:\/\/fuente.archimadrid.es\/index.php\/wp-json\/wp\/v2\/tags?post=674"}],"curies":[{"name":"wp","href":"https:\/\/api.w.org\/{rel}","templated":true}]}}