{"id":520,"date":"2023-06-30T09:42:04","date_gmt":"2023-06-30T07:42:04","guid":{"rendered":"https:\/\/fuente.archimadrid.es\/?p=520"},"modified":"2023-06-30T09:42:04","modified_gmt":"2023-06-30T07:42:04","slug":"horario-de-misas-en-verano-julio-y-agosto","status":"publish","type":"post","link":"https:\/\/fuente.archimadrid.es\/index.php\/2023\/06\/30\/horario-de-misas-en-verano-julio-y-agosto\/","title":{"rendered":"Horario de Misas en Verano (julio y agosto)"},"content":{"rendered":"<p>Diario: 10:00 y 20:30<\/p>\n<p>S\u00e1bados y V\u00edsperas de festivo: 10:00 y 19:00<\/p>\n<p>Domingos y festivos: 11:00 &#8211; 13:00 y 19:00<\/p>\n<p>En julio y agosto no hay Exposici\u00f3n del Sant\u00edsimo<\/p>\n<p>Rezad por todas las actividdaes del verano y descansad lo que pod\u00e1is.<\/p>\n","protected":false},"excerpt":{"rendered":"<p>Diario: 10:00 y 20:30 S\u00e1bados y V\u00edsperas de festivo: 10:00 y 19:00 Domingos y festivos: 11:00 &#8211; 13:00 y 19:00 En julio y agosto no hay Exposici\u00f3n del Sant\u00edsimo Rezad por todas las actividdaes &#8230; <\/p>\n<p class=\"read-more-container\"><a title=\"Horario de Misas en Verano (julio y agosto)\" class=\"read-more button\" href=\"https:\/\/fuente.archimadrid.es\/index.php\/2023\/06\/30\/horario-de-misas-en-verano-julio-y-agosto\/#more-520\" aria-label=\"Leer m\u00e1s sobre Horario de Misas en Verano (julio y agosto)\">Leer m\u00e1s<\/a><\/p>\n","protected":false},"author":1,"featured_media":521,"comment_status":"open","ping_status":"closed","sticky":false,"template":"","format":"standard","meta":{"_jetpack_memberships_contains_paid_content":false,"footnotes":""},"categories":[4],"tags":[],"class_list":["post-520","post","type-post","status-publish","format-standard","has-post-thumbnail","hentry","category-noticias","generate-columns","tablet-grid-50","mobile-grid-100","grid-parent","grid-50"],"jetpack_featured_media_url":"https:\/\/i0.wp.com\/fuente.archimadrid.es\/wp-content\/uploads\/2023\/06\/ilustracion_sol.png?fit=1280%2C1089&ssl=1","jetpack-related-posts":[{"id":244,"url":"https:\/\/fuente.archimadrid.es\/index.php\/2021\/07\/08\/horario-de-misas-en-julio-y-agosto\/","url_meta":{"origin":520,"position":0},"title":"HORARIO DE MISAS EN JULIO Y AGOSTO","author":"admin","date":"8 de julio de 2021","format":false,"excerpt":"En julio y agosto suprimimos las Misas de 10 y de 20 de los domingos y festivos, quedando as\u00ed el horario: Laborables: 10:00 y 20:30 S\u00e1bados y V\u00edsperas: 10:00 y 19:00 Domingos y Festivos: 11:00-13:00 y 19:00 Feliz Verano","rel":"","context":"En \u00abNoticias\u00bb","block_context":{"text":"Noticias","link":"https:\/\/fuente.archimadrid.es\/index.php\/category\/noticias\/"},"img":{"alt_text":"","src":"https:\/\/i0.wp.com\/fuente.archimadrid.es\/wp-content\/uploads\/2021\/07\/16036585022354.png.jpeg?fit=1200%2C680&ssl=1&resize=350%2C200","width":350,"height":200,"srcset":"https:\/\/i0.wp.com\/fuente.archimadrid.es\/wp-content\/uploads\/2021\/07\/16036585022354.png.jpeg?fit=1200%2C680&ssl=1&resize=350%2C200 1x, https:\/\/i0.wp.com\/fuente.archimadrid.es\/wp-content\/uploads\/2021\/07\/16036585022354.png.jpeg?fit=1200%2C680&ssl=1&resize=525%2C300 1.5x, https:\/\/i0.wp.com\/fuente.archimadrid.es\/wp-content\/uploads\/2021\/07\/16036585022354.png.jpeg?fit=1200%2C680&ssl=1&resize=700%2C400 2x, https:\/\/i0.wp.com\/fuente.archimadrid.es\/wp-content\/uploads\/2021\/07\/16036585022354.png.jpeg?fit=1200%2C680&ssl=1&resize=1050%2C600 3x"},"classes":[]},{"id":668,"url":"https:\/\/fuente.archimadrid.es\/index.php\/2025\/06\/27\/horario-de-verano-desde-el-29-de-junio\/","url_meta":{"origin":520,"position":1},"title":"Horario de verano desde el 29 de junio","author":"admin","date":"27 de junio de 2025","format":false,"excerpt":"Del 29 de junio al 31 de agosto, ambos incluidos,\u00a0 se suprimen las Misas de los Domingos y Festivos de 10:00 y de 20:00 h. El resto del horario de Misas contin\u00faa igual. Diario: 10:00 y 20:30 S\u00e1bados: 10.00 y 19:00 V\u00edspera de precepto: 19:00 Domingos: 11:00 -13:00 y 19:00","rel":"","context":"En \u00abNoticias\u00bb","block_context":{"text":"Noticias","link":"https:\/\/fuente.archimadrid.es\/index.php\/category\/noticias\/"},"img":{"alt_text":"","src":"https:\/\/i0.wp.com\/fuente.archimadrid.es\/wp-content\/uploads\/2025\/06\/horario-misas.png?fit=900%2C300&ssl=1&resize=350%2C200","width":350,"height":200,"srcset":"https:\/\/i0.wp.com\/fuente.archimadrid.es\/wp-content\/uploads\/2025\/06\/horario-misas.png?fit=900%2C300&ssl=1&resize=350%2C200 1x, https:\/\/i0.wp.com\/fuente.archimadrid.es\/wp-content\/uploads\/2025\/06\/horario-misas.png?fit=900%2C300&ssl=1&resize=525%2C300 1.5x, https:\/\/i0.wp.com\/fuente.archimadrid.es\/wp-content\/uploads\/2025\/06\/horario-misas.png?fit=900%2C300&ssl=1&resize=700%2C400 2x"},"classes":[]},{"id":674,"url":"https:\/\/fuente.archimadrid.es\/index.php\/2025\/08\/31\/paricipa-en-la-vida-de-la-parroquia\/","url_meta":{"origin":520,"position":2},"title":"PARTICIPA EN LA VIDA DE LA PARROQUIA (ojo, para apuntar a catequsis de infancia la entrada anterior)","author":"admin","date":"31 de agosto de 2025","format":false,"excerpt":"Si quieres participar y ayudar en la vida de la parroquia rellena el siguiente cuestionario con la actividad que te interese. Si quieres participar en m\u00e1s de una cosa haz varios cuestionarios (es muyyy r\u00e1pido), Gracias por adelantado. La informaci\u00f3n sobre los grupos despu\u00e9s de la encuesta. \u00a0 Cargando\u2026 ACTIVIDADES\u2026","rel":"","context":"En \u00abNoticias\u00bb","block_context":{"text":"Noticias","link":"https:\/\/fuente.archimadrid.es\/index.php\/category\/noticias\/"},"img":{"alt_text":"","src":"https:\/\/i0.wp.com\/fuente.archimadrid.es\/wp-content\/uploads\/2025\/08\/Post-voluntariado-qzy3hiy8bf4iebvh39xofq2gjoygn32ew58mipn6mk.webp?fit=1140%2C750&ssl=1&resize=350%2C200","width":350,"height":200,"srcset":"https:\/\/i0.wp.com\/fuente.archimadrid.es\/wp-content\/uploads\/2025\/08\/Post-voluntariado-qzy3hiy8bf4iebvh39xofq2gjoygn32ew58mipn6mk.webp?fit=1140%2C750&ssl=1&resize=350%2C200 1x, https:\/\/i0.wp.com\/fuente.archimadrid.es\/wp-content\/uploads\/2025\/08\/Post-voluntariado-qzy3hiy8bf4iebvh39xofq2gjoygn32ew58mipn6mk.webp?fit=1140%2C750&ssl=1&resize=525%2C300 1.5x, https:\/\/i0.wp.com\/fuente.archimadrid.es\/wp-content\/uploads\/2025\/08\/Post-voluntariado-qzy3hiy8bf4iebvh39xofq2gjoygn32ew58mipn6mk.webp?fit=1140%2C750&ssl=1&resize=700%2C400 2x, https:\/\/i0.wp.com\/fuente.archimadrid.es\/wp-content\/uploads\/2025\/08\/Post-voluntariado-qzy3hiy8bf4iebvh39xofq2gjoygn32ew58mipn6mk.webp?fit=1140%2C750&ssl=1&resize=1050%2C600 3x"},"classes":[]},{"id":423,"url":"https:\/\/fuente.archimadrid.es\/index.php\/2022\/06\/25\/horario-de-misas-en-julio-y-agosto-2\/","url_meta":{"origin":520,"position":3},"title":"HORARIO DE MISAS EN JULIO Y AGOSTO","author":"admin","date":"25 de junio de 2022","format":false,"excerpt":"En julio y agosto se suprimen las Misas de los domingo de 10:00 y de 20:00. El resto de la seman queda igual Diario: 10:00 y 20:30 S\u00e1bados: 10:00 y 19:00 Domingos: 11:00 - 13:00 y 19:00 Gracias por vuestra comprensi\u00f3n y a rezar por las vocaciones.","rel":"","context":"En \u00abNoticias\u00bb","block_context":{"text":"Noticias","link":"https:\/\/fuente.archimadrid.es\/index.php\/category\/noticias\/"},"img":{"alt_text":"","src":"","width":0,"height":0},"classes":[]},{"id":40,"url":"https:\/\/fuente.archimadrid.es\/index.php\/2020\/12\/05\/fiesta-de-la-inmaculada\/","url_meta":{"origin":520,"position":4},"title":"FIESTA DE LA INMACULADA","author":"admin","date":"5 de diciembre de 2020","format":false,"excerpt":"El d\u00eda de la Inmaculada, 8 de Diciembre, el horario de Misas ser\u00e1 como los festivos. El lunes 7 a las 7 de la tarde y el martes 8 a las 10:00 - 11:00 -13:00- 19:00 y 20:00 (No habr\u00e1 Adoraci\u00f3n antes dela Misa de 19:00)","rel":"","context":"En \u00abNoticias\u00bb","block_context":{"text":"Noticias","link":"https:\/\/fuente.archimadrid.es\/index.php\/category\/noticias\/"},"img":{"alt_text":"","src":"https:\/\/i0.wp.com\/fuente.archimadrid.es\/wp-content\/uploads\/2020\/12\/08a-inmaculada-san-felipe-neri.jpg?resize=350%2C200&ssl=1","width":350,"height":200,"srcset":"https:\/\/i0.wp.com\/fuente.archimadrid.es\/wp-content\/uploads\/2020\/12\/08a-inmaculada-san-felipe-neri.jpg?resize=350%2C200&ssl=1 1x, https:\/\/i0.wp.com\/fuente.archimadrid.es\/wp-content\/uploads\/2020\/12\/08a-inmaculada-san-felipe-neri.jpg?resize=525%2C300&ssl=1 1.5x, https:\/\/i0.wp.com\/fuente.archimadrid.es\/wp-content\/uploads\/2020\/12\/08a-inmaculada-san-felipe-neri.jpg?resize=700%2C400&ssl=1 2x, https:\/\/i0.wp.com\/fuente.archimadrid.es\/wp-content\/uploads\/2020\/12\/08a-inmaculada-san-felipe-neri.jpg?resize=1050%2C600&ssl=1 3x"},"classes":[]},{"id":369,"url":"https:\/\/fuente.archimadrid.es\/index.php\/2021\/12\/23\/369\/","url_meta":{"origin":520,"position":5},"title":"Horario de Misas en tiempo de Navidad","author":"admin","date":"23 de diciembre de 2021","format":false,"excerpt":"Horario de Las Misas en Tiempo de Navidad: SOLEMNIDAD DE LA NATIVIDAD DEL SE\u00d1OR 24 de diciembre: Misa de 19:00 Misa de 00:00 25 de diciembre: Misa de 10:00 Misa de 11:00 Misa de 13:00 NO HAY MISAS POR LA TARDE. DOMINGO DE LA SAGRADA FAMILIA DOMINGO 26: Misa de\u2026","rel":"","context":"En \u00abNoticias\u00bb","block_context":{"text":"Noticias","link":"https:\/\/fuente.archimadrid.es\/index.php\/category\/noticias\/"},"img":{"alt_text":"","src":"https:\/\/i0.wp.com\/fuente.archimadrid.es\/wp-content\/uploads\/2021\/12\/nin%CC%83o-jesus-scaled.jpg?fit=900%2C1200&ssl=1&resize=350%2C200","width":350,"height":200,"srcset":"https:\/\/i0.wp.com\/fuente.archimadrid.es\/wp-content\/uploads\/2021\/12\/nin%CC%83o-jesus-scaled.jpg?fit=900%2C1200&ssl=1&resize=350%2C200 1x, https:\/\/i0.wp.com\/fuente.archimadrid.es\/wp-content\/uploads\/2021\/12\/nin%CC%83o-jesus-scaled.jpg?fit=900%2C1200&ssl=1&resize=525%2C300 1.5x, https:\/\/i0.wp.com\/fuente.archimadrid.es\/wp-content\/uploads\/2021\/12\/nin%CC%83o-jesus-scaled.jpg?fit=900%2C1200&ssl=1&resize=700%2C400 2x"},"classes":[]}],"jetpack_sharing_enabled":true,"_links":{"self":[{"href":"https:\/\/fuente.archimadrid.es\/index.php\/wp-json\/wp\/v2\/posts\/520","targetHints":{"allow":["GET"]}}],"collection":[{"href":"https:\/\/fuente.archimadrid.es\/index.php\/wp-json\/wp\/v2\/posts"}],"about":[{"href":"https:\/\/fuente.archimadrid.es\/index.php\/wp-json\/wp\/v2\/types\/post"}],"author":[{"embeddable":true,"href":"https:\/\/fuente.archimadrid.es\/index.php\/wp-json\/wp\/v2\/users\/1"}],"replies":[{"embeddable":true,"href":"https:\/\/fuente.archimadrid.es\/index.php\/wp-json\/wp\/v2\/comments?post=520"}],"version-history":[{"count":1,"href":"https:\/\/fuente.archimadrid.es\/index.php\/wp-json\/wp\/v2\/posts\/520\/revisions"}],"predecessor-version":[{"id":522,"href":"https:\/\/fuente.archimadrid.es\/index.php\/wp-json\/wp\/v2\/posts\/520\/revisions\/522"}],"wp:featuredmedia":[{"embeddable":true,"href":"https:\/\/fuente.archimadrid.es\/index.php\/wp-json\/wp\/v2\/media\/521"}],"wp:attachment":[{"href":"https:\/\/fuente.archimadrid.es\/index.php\/wp-json\/wp\/v2\/media?parent=520"}],"wp:term":[{"taxonomy":"category","embeddable":true,"href":"https:\/\/fuente.archimadrid.es\/index.php\/wp-json\/wp\/v2\/categories?post=520"},{"taxonomy":"post_tag","embeddable":true,"href":"https:\/\/fuente.archimadrid.es\/index.php\/wp-json\/wp\/v2\/tags?post=520"}],"curies":[{"name":"wp","href":"https:\/\/api.w.org\/{rel}","templated":true}]}}